{"id":803,"date":"2026-04-25T11:36:13","date_gmt":"2026-04-25T09:36:13","guid":{"rendered":"https:\/\/www.newartplace.com\/blog\/?p=803"},"modified":"2026-04-25T11:37:46","modified_gmt":"2026-04-25T09:37:46","slug":"qui-est-jean-robert-franco","status":"publish","type":"post","link":"https:\/\/www.newartplace.com\/blog\/2026\/04\/25\/qui-est-jean-robert-franco\/","title":{"rendered":"Qui est Jean-Robert Franco ?"},"content":{"rendered":"\n<figure class=\"wp-block-gallery has-nested-images columns-default is-cropped wp-block-gallery-1 is-layout-flex wp-block-gallery-is-layout-flex\">\n<figure class=\"wp-block-image size-large\"><img loading=\"lazy\" decoding=\"async\" width=\"474\" height=\"745\" data-id=\"804\" src=\"https:\/\/www.newartplace.com\/blog\/wp-content\/uploads\/2026\/04\/51430_1_m.jpg\" alt=\"\" class=\"wp-image-804\" srcset=\"https:\/\/www.newartplace.com\/blog\/wp-content\/uploads\/2026\/04\/51430_1_m.jpg 474w, https:\/\/www.newartplace.com\/blog\/wp-content\/uploads\/2026\/04\/51430_1_m-191x300.jpg 191w\" sizes=\"auto, (max-width: 474px) 100vw, 474px\" \/><\/figure>\n<\/figure>\n\n\n\n<p>Avec l\u2019exposition Des Souvenirs et des hommes (du 2 au 30 avril), la galerie Le Bouillon- New Art Place met \u00e0 l\u2019honneur le travail de Jean-Robert Franco, photographe et pr\u00e9sident du Centre Europ\u00e9en des Arts Visuels, dont les \u0153uvres ont int\u00e9gr\u00e9 les collections du Mus\u00e9e national d\u2019art moderne \u2013 Centre Pompidou et de la Biblioth\u00e8que nationale de France.<\/p>\n\n\n\n<p>L\u2019\u0153uvre de Jean-Robert Franco interroge la place de l\u2019individu dans le monde contemporain \u00e0 travers une approche sensible de la pr\u00e9sence, de la m\u00e9moire et de la trace. Ses photographies donnent \u00e0 voir des figures souvent solitaires, saisies dans desmoments de suspension, o\u00f9 le temps semble ralenti. Cette solitude n\u2019est pas un manque, mais une modalit\u00e9 d\u2019\u00eatre au monde : une pr\u00e9sence attentive, int\u00e9rieure, quiinscrit les sujets dans leur environnement autant qu\u2019elle les en d\u00e9tache.<\/p>\n\n\n\n<p>En parall\u00e8le, les objets du quotidien occupent une place essentielle dans son travail. D\u00e9tach\u00e9s de leur fonction premi\u00e8re, ils deviennent les t\u00e9moins silencieux du passagehumain. Ils portent en eux une m\u00e9moire diffuse, r\u00e9v\u00e9lant une pr\u00e9sence indirecte &#8211; celle des gestes, des usages, des existences qui les ont travers\u00e9s.<\/p>\n\n\n\n<p>L\u2019exposition invite ainsi \u00e0 une lecture attentive des images, o\u00f9 chaque d\u00e9tail participed\u2019une construction plus large du sens. Elle propose une exp\u00e9rience de regard, fond\u00e9esur la lenteur, la distance et l\u2019interpr\u00e9tation. Les \u0153uvres pr\u00e9sent\u00e9es sont disponibles en plusieurs formats (60 \u00d7 80 cm, 70 \u00d7 100 cm,100 \u00d7 150 cm), chacune faisant l\u2019objet d\u2019une \u00e9dition limit\u00e9e \u00e0 sept exemplaires,conf\u00e9rant \u00e0 chaque tirage un caract\u00e8re de raret\u00e9 et d\u2019exclusivit\u00e9.<\/p>\n\n\n\n<figure class=\"wp-block-gallery has-nested-images columns-default is-cropped wp-block-gallery-2 is-layout-flex wp-block-gallery-is-layout-flex\">\n<figure class=\"wp-block-image size-large\"><img loading=\"lazy\" decoding=\"async\" width=\"540\" height=\"700\" data-id=\"806\" src=\"https:\/\/www.newartplace.com\/blog\/wp-content\/uploads\/2026\/04\/Screenshot-2026-03-31-143519.png\" alt=\"\" class=\"wp-image-806\" srcset=\"https:\/\/www.newartplace.com\/blog\/wp-content\/uploads\/2026\/04\/Screenshot-2026-03-31-143519.png 540w, https:\/\/www.newartplace.com\/blog\/wp-content\/uploads\/2026\/04\/Screenshot-2026-03-31-143519-231x300.png 231w\" sizes=\"auto, (max-width: 540px) 100vw, 540px\" \/><\/figure>\n<\/figure>\n","protected":false},"excerpt":{"rendered":"<p>Avec l\u2019exposition Des Souvenirs et des hommes (du 2 au 30 avril), la galerie Le Bouillon- New Art Place met \u00e0 l\u2019honneur le travail de Jean-Robert Franco, photographe et pr\u00e9sident du Centre Europ\u00e9en des Arts Visuels, dont les \u0153uvres ont int\u00e9gr\u00e9 les collections du Mus\u00e9e national d\u2019art moderne \u2013 Centre Pompidou et de la Biblioth\u00e8que nationale de France. L\u2019\u0153uvre de [&hellip;]<\/p>\n","protected":false},"author":1,"featured_media":804,"comment_status":"closed","ping_status":"closed","sticky":false,"template":"","format":"standard","meta":{"footnotes":""},"categories":[94,116,88],"tags":[],"class_list":["post-803","post","type-post","status-publish","format-standard","has-post-thumbnail","hentry","category-artistes","category-marche-de-lart","category-musees"],"yoast_head":"<!-- This site is optimized with the Yoast SEO plugin v26.1.1 - https:\/\/yoast.com\/wordpress\/plugins\/seo\/ -->\n<title>Qui est Jean-Robert Franco ? - NEWARTPLACE<\/title>\n<meta name=\"robots\" content=\"index, follow, max-snippet:-1, max-image-preview:large, max-video-preview:-1\" \/>\n<link rel=\"canonical\" href=\"https:\/\/www.newartplace.com\/blog\/2026\/04\/25\/qui-est-jean-robert-franco\/\" \/>\n<meta property=\"og:locale\" content=\"fr_FR\" \/>\n<meta property=\"og:type\" content=\"article\" \/>\n<meta property=\"og:title\" content=\"Qui est Jean-Robert Franco ? - NEWARTPLACE\" \/>\n<meta property=\"og:description\" content=\"Avec l\u2019exposition Des Souvenirs et des hommes (du 2 au 30 avril), la galerie Le Bouillon- New Art Place met \u00e0 l\u2019honneur le travail de Jean-Robert Franco, photographe et pr\u00e9sident du Centre Europ\u00e9en des Arts Visuels, dont les \u0153uvres ont int\u00e9gr\u00e9 les collections du Mus\u00e9e national d\u2019art moderne \u2013 Centre Pompidou et de la Biblioth\u00e8que nationale de France. L\u2019\u0153uvre de [&hellip;]\" \/>\n<meta property=\"og:url\" content=\"https:\/\/www.newartplace.com\/blog\/2026\/04\/25\/qui-est-jean-robert-franco\/\" \/>\n<meta property=\"og:site_name\" content=\"NEWARTPLACE\" \/>\n<meta property=\"article:published_time\" content=\"2026-04-25T09:36:13+00:00\" \/>\n<meta property=\"article:modified_time\" content=\"2026-04-25T09:37:46+00:00\" \/>\n<meta property=\"og:image\" content=\"https:\/\/www.newartplace.com\/blog\/wp-content\/uploads\/2026\/04\/51430_1_m.jpg\" \/>\n\t<meta property=\"og:image:width\" content=\"474\" \/>\n\t<meta property=\"og:image:height\" content=\"745\" \/>\n\t<meta property=\"og:image:type\" content=\"image\/jpeg\" \/>\n<meta name=\"author\" content=\"admin_nap\" \/>\n<meta name=\"twitter:card\" content=\"summary_large_image\" \/>\n<meta name=\"twitter:label1\" content=\"Written by\" \/>\n\t<meta name=\"twitter:data1\" content=\"admin_nap\" \/>\n\t<meta name=\"twitter:label2\" content=\"Est. reading time\" \/>\n\t<meta name=\"twitter:data2\" content=\"2 minutes\" \/>\n<script type=\"application\/ld+json\" class=\"yoast-schema-graph\">{\"@context\":\"https:\/\/schema.org\",\"@graph\":[{\"@type\":\"WebPage\",\"@id\":\"https:\/\/www.newartplace.com\/blog\/2026\/04\/25\/qui-est-jean-robert-franco\/\",\"url\":\"https:\/\/www.newartplace.com\/blog\/2026\/04\/25\/qui-est-jean-robert-franco\/\",\"name\":\"Qui est Jean-Robert Franco ? - NEWARTPLACE\",\"isPartOf\":{\"@id\":\"https:\/\/www.newartplace.com\/blog\/#website\"},\"primaryImageOfPage\":{\"@id\":\"https:\/\/www.newartplace.com\/blog\/2026\/04\/25\/qui-est-jean-robert-franco\/#primaryimage\"},\"image\":{\"@id\":\"https:\/\/www.newartplace.com\/blog\/2026\/04\/25\/qui-est-jean-robert-franco\/#primaryimage\"},\"thumbnailUrl\":\"https:\/\/www.newartplace.com\/blog\/wp-content\/uploads\/2026\/04\/51430_1_m.jpg\",\"datePublished\":\"2026-04-25T09:36:13+00:00\",\"dateModified\":\"2026-04-25T09:37:46+00:00\",\"author\":{\"@id\":\"https:\/\/www.newartplace.com\/blog\/#\/schema\/person\/92d08a459755db9d18a947c8f7b67790\"},\"breadcrumb\":{\"@id\":\"https:\/\/www.newartplace.com\/blog\/2026\/04\/25\/qui-est-jean-robert-franco\/#breadcrumb\"},\"inLanguage\":\"fr-FR\",\"potentialAction\":[{\"@type\":\"ReadAction\",\"target\":[\"https:\/\/www.newartplace.com\/blog\/2026\/04\/25\/qui-est-jean-robert-franco\/\"]}]},{\"@type\":\"ImageObject\",\"inLanguage\":\"fr-FR\",\"@id\":\"https:\/\/www.newartplace.com\/blog\/2026\/04\/25\/qui-est-jean-robert-franco\/#primaryimage\",\"url\":\"https:\/\/www.newartplace.com\/blog\/wp-content\/uploads\/2026\/04\/51430_1_m.jpg\",\"contentUrl\":\"https:\/\/www.newartplace.com\/blog\/wp-content\/uploads\/2026\/04\/51430_1_m.jpg\",\"width\":474,\"height\":745},{\"@type\":\"BreadcrumbList\",\"@id\":\"https:\/\/www.newartplace.com\/blog\/2026\/04\/25\/qui-est-jean-robert-franco\/#breadcrumb\",\"itemListElement\":[{\"@type\":\"ListItem\",\"position\":1,\"name\":\"Home\",\"item\":\"https:\/\/www.newartplace.com\/blog\/\"},{\"@type\":\"ListItem\",\"position\":2,\"name\":\"Qui est Jean-Robert Franco ?\"}]},{\"@type\":\"WebSite\",\"@id\":\"https:\/\/www.newartplace.com\/blog\/#website\",\"url\":\"https:\/\/www.newartplace.com\/blog\/\",\"name\":\"NEWARTPLACE\",\"description\":\"Les plus belles expositions sur vos \u00e9crans\",\"potentialAction\":[{\"@type\":\"SearchAction\",\"target\":{\"@type\":\"EntryPoint\",\"urlTemplate\":\"https:\/\/www.newartplace.com\/blog\/?s={search_term_string}\"},\"query-input\":{\"@type\":\"PropertyValueSpecification\",\"valueRequired\":true,\"valueName\":\"search_term_string\"}}],\"inLanguage\":\"fr-FR\"},{\"@type\":\"Person\",\"@id\":\"https:\/\/www.newartplace.com\/blog\/#\/schema\/person\/92d08a459755db9d18a947c8f7b67790\",\"name\":\"admin_nap\",\"sameAs\":[\"http:\/\/newartplace.localhost\/blog\"]}]}<\/script>\n<!-- \/ Yoast SEO plugin. -->","yoast_head_json":{"title":"Qui est Jean-Robert Franco ? - NEWARTPLACE","robots":{"index":"index","follow":"follow","max-snippet":"max-snippet:-1","max-image-preview":"max-image-preview:large","max-video-preview":"max-video-preview:-1"},"canonical":"https:\/\/www.newartplace.com\/blog\/2026\/04\/25\/qui-est-jean-robert-franco\/","og_locale":"fr_FR","og_type":"article","og_title":"Qui est Jean-Robert Franco ? - NEWARTPLACE","og_description":"Avec l\u2019exposition Des Souvenirs et des hommes (du 2 au 30 avril), la galerie Le Bouillon- New Art Place met \u00e0 l\u2019honneur le travail de Jean-Robert Franco, photographe et pr\u00e9sident du Centre Europ\u00e9en des Arts Visuels, dont les \u0153uvres ont int\u00e9gr\u00e9 les collections du Mus\u00e9e national d\u2019art moderne \u2013 Centre Pompidou et de la Biblioth\u00e8que nationale de France. L\u2019\u0153uvre de [&hellip;]","og_url":"https:\/\/www.newartplace.com\/blog\/2026\/04\/25\/qui-est-jean-robert-franco\/","og_site_name":"NEWARTPLACE","article_published_time":"2026-04-25T09:36:13+00:00","article_modified_time":"2026-04-25T09:37:46+00:00","og_image":[{"width":474,"height":745,"url":"https:\/\/www.newartplace.com\/blog\/wp-content\/uploads\/2026\/04\/51430_1_m.jpg","type":"image\/jpeg"}],"author":"admin_nap","twitter_card":"summary_large_image","twitter_misc":{"Written by":"admin_nap","Est. reading time":"2 minutes"},"schema":{"@context":"https:\/\/schema.org","@graph":[{"@type":"WebPage","@id":"https:\/\/www.newartplace.com\/blog\/2026\/04\/25\/qui-est-jean-robert-franco\/","url":"https:\/\/www.newartplace.com\/blog\/2026\/04\/25\/qui-est-jean-robert-franco\/","name":"Qui est Jean-Robert Franco ? - NEWARTPLACE","isPartOf":{"@id":"https:\/\/www.newartplace.com\/blog\/#website"},"primaryImageOfPage":{"@id":"https:\/\/www.newartplace.com\/blog\/2026\/04\/25\/qui-est-jean-robert-franco\/#primaryimage"},"image":{"@id":"https:\/\/www.newartplace.com\/blog\/2026\/04\/25\/qui-est-jean-robert-franco\/#primaryimage"},"thumbnailUrl":"https:\/\/www.newartplace.com\/blog\/wp-content\/uploads\/2026\/04\/51430_1_m.jpg","datePublished":"2026-04-25T09:36:13+00:00","dateModified":"2026-04-25T09:37:46+00:00","author":{"@id":"https:\/\/www.newartplace.com\/blog\/#\/schema\/person\/92d08a459755db9d18a947c8f7b67790"},"breadcrumb":{"@id":"https:\/\/www.newartplace.com\/blog\/2026\/04\/25\/qui-est-jean-robert-franco\/#breadcrumb"},"inLanguage":"fr-FR","potentialAction":[{"@type":"ReadAction","target":["https:\/\/www.newartplace.com\/blog\/2026\/04\/25\/qui-est-jean-robert-franco\/"]}]},{"@type":"ImageObject","inLanguage":"fr-FR","@id":"https:\/\/www.newartplace.com\/blog\/2026\/04\/25\/qui-est-jean-robert-franco\/#primaryimage","url":"https:\/\/www.newartplace.com\/blog\/wp-content\/uploads\/2026\/04\/51430_1_m.jpg","contentUrl":"https:\/\/www.newartplace.com\/blog\/wp-content\/uploads\/2026\/04\/51430_1_m.jpg","width":474,"height":745},{"@type":"BreadcrumbList","@id":"https:\/\/www.newartplace.com\/blog\/2026\/04\/25\/qui-est-jean-robert-franco\/#breadcrumb","itemListElement":[{"@type":"ListItem","position":1,"name":"Home","item":"https:\/\/www.newartplace.com\/blog\/"},{"@type":"ListItem","position":2,"name":"Qui est Jean-Robert Franco ?"}]},{"@type":"WebSite","@id":"https:\/\/www.newartplace.com\/blog\/#website","url":"https:\/\/www.newartplace.com\/blog\/","name":"NEWARTPLACE","description":"Les plus belles expositions sur vos \u00e9crans","potentialAction":[{"@type":"SearchAction","target":{"@type":"EntryPoint","urlTemplate":"https:\/\/www.newartplace.com\/blog\/?s={search_term_string}"},"query-input":{"@type":"PropertyValueSpecification","valueRequired":true,"valueName":"search_term_string"}}],"inLanguage":"fr-FR"},{"@type":"Person","@id":"https:\/\/www.newartplace.com\/blog\/#\/schema\/person\/92d08a459755db9d18a947c8f7b67790","name":"admin_nap","sameAs":["http:\/\/newartplace.localhost\/blog"]}]}},"_links":{"self":[{"href":"https:\/\/www.newartplace.com\/blog\/wp-json\/wp\/v2\/posts\/803","targetHints":{"allow":["GET"]}}],"collection":[{"href":"https:\/\/www.newartplace.com\/blog\/wp-json\/wp\/v2\/posts"}],"about":[{"href":"https:\/\/www.newartplace.com\/blog\/wp-json\/wp\/v2\/types\/post"}],"author":[{"embeddable":true,"href":"https:\/\/www.newartplace.com\/blog\/wp-json\/wp\/v2\/users\/1"}],"replies":[{"embeddable":true,"href":"https:\/\/www.newartplace.com\/blog\/wp-json\/wp\/v2\/comments?post=803"}],"version-history":[{"count":1,"href":"https:\/\/www.newartplace.com\/blog\/wp-json\/wp\/v2\/posts\/803\/revisions"}],"predecessor-version":[{"id":807,"href":"https:\/\/www.newartplace.com\/blog\/wp-json\/wp\/v2\/posts\/803\/revisions\/807"}],"wp:featuredmedia":[{"embeddable":true,"href":"https:\/\/www.newartplace.com\/blog\/wp-json\/wp\/v2\/media\/804"}],"wp:attachment":[{"href":"https:\/\/www.newartplace.com\/blog\/wp-json\/wp\/v2\/media?parent=803"}],"wp:term":[{"taxonomy":"category","embeddable":true,"href":"https:\/\/www.newartplace.com\/blog\/wp-json\/wp\/v2\/categories?post=803"},{"taxonomy":"post_tag","embeddable":true,"href":"https:\/\/www.newartplace.com\/blog\/wp-json\/wp\/v2\/tags?post=803"}],"curies":[{"name":"wp","href":"https:\/\/api.w.org\/{rel}","templated":true}]}}